{"id":625,"date":"2025-05-07T09:55:13","date_gmt":"2025-05-07T12:55:13","guid":{"rendered":"https:\/\/edicionesfhycs.unam.edu.ar\/?p=625"},"modified":"2025-05-13T09:13:13","modified_gmt":"2025-05-13T12:13:13","slug":"memorias-fronterizas","status":"publish","type":"post","link":"https:\/\/edicionesfhycs.unam.edu.ar\/?p=625","title":{"rendered":"Memorias fronterizas"},"content":{"rendered":"\n<p>Algunos trazos del pueblo de San Javier desde la mirada de la historia\u2026 La producci\u00f3n de este libro sobre  la historia de San Javier en im\u00e1genes es resultado de las actividades realizadas en el marco de los  Proyectos de Fortalecimiento de Actividades de Extensi\u00f3n (PROFAE-UNaM 2017 y 2018), titulados:  \u201cIdentidad e Historia de San Javier, contribuciones para la recuperaci\u00f3n de la memoria colectiva\u201d (FASE I)  y, respectivamente, \u201cMemorias de Az\u00facar e Historias para hacer dulce. San Javier a trav\u00e9s de los lugares,  las instituciones y los protagonistas\u201d (FASE II). Sin embargo, nuestro acercamiento y decisi\u00f3n acerca de  historiar lo ocurrido en este pueblo, comenz\u00f3 a perfilarse cuando la Asociaci\u00f3n \u201cAmigos de la Historia y la  Memoria de San Javier\u201d a cargo de la Sra. Anah\u00ed Delgado, tambi\u00e9n bibliotecaria de la Escuela N\u00b0 68 \u201cEl  Portal del Saber\u201d , nos invitaron a participar del Ciclo de Conferencias \u201cMiradas al Pasado para Construir Futuro\u201d (2016), que se ven\u00eda desarrollando con otros especialistas; a fin de pensar y recuperar la Historia  Local.<\/p>\n","protected":false},"excerpt":{"rendered":"<p>Algunos trazos del pueblo de San Javier desde la mirada de la historia\u2026 La producci\u00f3n de este libro sobre la historia de San Javier en im\u00e1genes es resultado de las actividades realizadas en el marco de los Proyectos de Fortalecimiento de Actividades de Extensi\u00f3n (PROFAE-UNaM 2017 y 2018), titulados: \u201cIdentidad e Historia de San Javier, [&hellip;]<\/p>\n","protected":false},"author":2,"featured_media":687,"comment_status":"closed","ping_status":"closed","sticky":false,"template":"","format":"standard","meta":{"_acf_changed":false,"footnotes":""},"categories":[7,15,12],"tags":[],"class_list":["post-625","post","type-post","status-publish","format-standard","has-post-thumbnail","hentry","category-centro-editorial","category-extension-vinculacion","category-libros"],"acf":[],"_links":{"self":[{"href":"https:\/\/edicionesfhycs.unam.edu.ar\/index.php?rest_route=\/wp\/v2\/posts\/625"}],"collection":[{"href":"https:\/\/edicionesfhycs.unam.edu.ar\/index.php?rest_route=\/wp\/v2\/posts"}],"about":[{"href":"https:\/\/edicionesfhycs.unam.edu.ar\/index.php?rest_route=\/wp\/v2\/types\/post"}],"author":[{"embeddable":true,"href":"https:\/\/edicionesfhycs.unam.edu.ar\/index.php?rest_route=\/wp\/v2\/users\/2"}],"replies":[{"embeddable":true,"href":"https:\/\/edicionesfhycs.unam.edu.ar\/index.php?rest_route=%2Fwp%2Fv2%2Fcomments&post=625"}],"version-history":[{"count":2,"href":"https:\/\/edicionesfhycs.unam.edu.ar\/index.php?rest_route=\/wp\/v2\/posts\/625\/revisions"}],"predecessor-version":[{"id":688,"href":"https:\/\/edicionesfhycs.unam.edu.ar\/index.php?rest_route=\/wp\/v2\/posts\/625\/revisions\/688"}],"wp:featuredmedia":[{"embeddable":true,"href":"https:\/\/edicionesfhycs.unam.edu.ar\/index.php?rest_route=\/wp\/v2\/media\/687"}],"wp:attachment":[{"href":"https:\/\/edicionesfhycs.unam.edu.ar\/index.php?rest_route=%2Fwp%2Fv2%2Fmedia&parent=625"}],"wp:term":[{"taxonomy":"category","embeddable":true,"href":"https:\/\/edicionesfhycs.unam.edu.ar\/index.php?rest_route=%2Fwp%2Fv2%2Fcategories&post=625"},{"taxonomy":"post_tag","embeddable":true,"href":"https:\/\/edicionesfhycs.unam.edu.ar\/index.php?rest_route=%2Fwp%2Fv2%2Ftags&post=625"}],"curies":[{"name":"wp","href":"https:\/\/api.w.org\/{rel}","templated":true}]}}