{"id":616,"date":"2025-05-07T08:05:35","date_gmt":"2025-05-07T11:05:35","guid":{"rendered":"https:\/\/edicionesfhycs.unam.edu.ar\/?p=616"},"modified":"2025-12-02T12:03:12","modified_gmt":"2025-12-02T15:03:12","slug":"complices-pedagogicos","status":"publish","type":"post","link":"https:\/\/edicionesfhycs.unam.edu.ar\/?p=616","title":{"rendered":"C\u00f3mplices Pedag\u00f3gicos"},"content":{"rendered":"\n<p>Motivados por consolidar los Espacios Pedag\u00f3gicos de Experiencia Docentes y de comprender las diferentes realidades en Latinoam\u00e9rica, el texto C\u00f3mplices Pedag\u00f3gicos. Di\u00e1logo internacional de saberes  y aprendizajes de docentes latinoamericanos en contexto de pandemia, es el primero de tres libros que nacen en un escenario at\u00edpico como fruto de un esfuerzo conjunto de maestros unidos por lazos fraternos. Las delegaciones de pa\u00edses como Argentina, Bolivia, Brasil, Chile, Colombia, Costa Rica, Cuba, Ecuador, M\u00e9xico, Paraguay, Per\u00fa, Venezuela y Uruguay; permitieron compartir di\u00e1logos, paisajes, dialectos y conocimientos fusionados con la pedagog\u00eda del afecto. En esta obra, de gran riqueza pluricultural, los lectores hallar\u00e1n como hilo conductor las investigaciones, actividades y acciones que se ejecutaron para hacer frente a la pandemia. Adem\u00e1s, contar\u00e1n con res\u00famenes en guaran\u00ed y portugu\u00e9s.<\/p>\n","protected":false},"excerpt":{"rendered":"<p>Motivados por consolidar los Espacios Pedag\u00f3gicos de Experiencia Docentes y de comprender las diferentes realidades en Latinoam\u00e9rica, el texto C\u00f3mplices Pedag\u00f3gicos. Di\u00e1logo internacional de saberes y aprendizajes de docentes latinoamericanos en contexto de pandemia, es el primero de tres libros que nacen en un escenario at\u00edpico como fruto de un esfuerzo conjunto de maestros unidos [&hellip;]<\/p>\n","protected":false},"author":2,"featured_media":861,"comment_status":"closed","ping_status":"closed","sticky":false,"template":"","format":"standard","meta":{"_acf_changed":false,"footnotes":""},"categories":[7,13,12],"tags":[],"class_list":["post-616","post","type-post","status-publish","format-standard","has-post-thumbnail","hentry","category-centro-editorial","category-ensenanza-docencia","category-libros"],"acf":[],"_links":{"self":[{"href":"https:\/\/edicionesfhycs.unam.edu.ar\/index.php?rest_route=\/wp\/v2\/posts\/616"}],"collection":[{"href":"https:\/\/edicionesfhycs.unam.edu.ar\/index.php?rest_route=\/wp\/v2\/posts"}],"about":[{"href":"https:\/\/edicionesfhycs.unam.edu.ar\/index.php?rest_route=\/wp\/v2\/types\/post"}],"author":[{"embeddable":true,"href":"https:\/\/edicionesfhycs.unam.edu.ar\/index.php?rest_route=\/wp\/v2\/users\/2"}],"replies":[{"embeddable":true,"href":"https:\/\/edicionesfhycs.unam.edu.ar\/index.php?rest_route=%2Fwp%2Fv2%2Fcomments&post=616"}],"version-history":[{"count":2,"href":"https:\/\/edicionesfhycs.unam.edu.ar\/index.php?rest_route=\/wp\/v2\/posts\/616\/revisions"}],"predecessor-version":[{"id":862,"href":"https:\/\/edicionesfhycs.unam.edu.ar\/index.php?rest_route=\/wp\/v2\/posts\/616\/revisions\/862"}],"wp:featuredmedia":[{"embeddable":true,"href":"https:\/\/edicionesfhycs.unam.edu.ar\/index.php?rest_route=\/wp\/v2\/media\/861"}],"wp:attachment":[{"href":"https:\/\/edicionesfhycs.unam.edu.ar\/index.php?rest_route=%2Fwp%2Fv2%2Fmedia&parent=616"}],"wp:term":[{"taxonomy":"category","embeddable":true,"href":"https:\/\/edicionesfhycs.unam.edu.ar\/index.php?rest_route=%2Fwp%2Fv2%2Fcategories&post=616"},{"taxonomy":"post_tag","embeddable":true,"href":"https:\/\/edicionesfhycs.unam.edu.ar\/index.php?rest_route=%2Fwp%2Fv2%2Ftags&post=616"}],"curies":[{"name":"wp","href":"https:\/\/api.w.org\/{rel}","templated":true}]}}